{"id":856,"date":"2025-08-27T16:58:03","date_gmt":"2025-08-27T16:58:03","guid":{"rendered":"https:\/\/akademialotu.pl\/?p=856"},"modified":"2025-09-01T10:10:21","modified_gmt":"2025-09-01T10:10:21","slug":"motoryka-smyka","status":"publish","type":"post","link":"http:\/\/akademialotu.pl\/?p=856","title":{"rendered":"Motoryka smyka"},"content":{"rendered":"\n<p><\/p>\n\n\n\n<p><\/p>\n\n\n\n<p>Czy Twoje dziecko to ma\u0142y wulkan energii? Doskonale! Na zaj\u0119ciach &#8222;Motoryka Smyka&#8221; przekszta\u0142cimy t\u0119 energi\u0119 w zwinno\u015b\u0107, pewno\u015b\u0107 siebie i \u015bwietn\u0105 zabaw\u0119! &#x1f973;<\/p>\n\n\n\n<p>Co czeka na uczestnik\u00f3w: <\/p>\n\n\n\n<p>&#x2714;&#xfe0f;<strong>Gry i zabawy ruchowe dostosowane do wieku dzieci<\/strong><\/p>\n\n\n\n<p>&#x2714;&#xfe0f; <strong>\u0106wiczenia poprawiaj\u0105 szybko\u015b\u0107, zwinno\u015b\u0107 i koordynacj\u0119<\/strong> <\/p>\n\n\n\n<p>&#x2714;&#xfe0f; <strong>Tory przeszk\u00f3d i zadania gimnastyczne<\/strong> <\/p>\n\n\n\n<p><\/p>\n\n\n\n<p>Co zyska Twoje dziecko dzi\u0119ki naszym zaj\u0119ciom? <\/p>\n\n\n\n<p>&#x2714;&#xfe0f; <strong>Lepsz\u0105 koordynacj\u0119 i sprawno\u015b\u0107 fizyczn\u0105<\/strong> \u2013 fundament zdrowia na ca\u0142e \u017cycie. <\/p>\n\n\n\n<p>&#x2714;&#xfe0f; <strong>Rozwini\u0119t\u0105 motoryk\u0119 ma\u0142\u0105<\/strong> \u2013 \u0142atwiejszy start w nauce pisania i rysowania. &#x270d;&#xfe0f; <\/p>\n\n\n\n<p>&#x2714;&#xfe0f; <strong>Wi\u0119ksz\u0105 pewno\u015b\u0107 siebie<\/strong> i umiej\u0119tno\u015b\u0107 radzenia sobie z wyzwaniami. <\/p>\n\n\n\n<p>&#x2714;&#xfe0f; <strong>Popraw\u0119 koncentracji<\/strong> i umiej\u0119tno\u015bci skupienia uwagi.<\/p>\n\n\n\n<p><\/p>\n\n\n\n<p>Na &#8222;Motoryce Smyka&#8221; nie ma nudy! Jest za to mn\u00f3stwo \u015bmiechu, nowych przyja\u017ani i satysfakcji z pokonywania w\u0142asnych barier. &#x1f4aa;<\/p>\n\n\n\n<p>Daj swojemu dziecku szans\u0119 na zdrowy rozw\u00f3j poprzez to, co kocha najbardziej \u2013 RUCH!<\/p>\n\n\n\n<p><strong>Pierwsze zaj\u0119cia odb\u0119d\u0105 si\u0119 we wtorek 9 wrze\u015bnia o godzinie 17:00<\/strong><\/p>\n\n\n\n<p><strong>Zapisy trwaj\u0105! Liczba miejsc w grupie ograniczona.<\/strong> Zaj\u0119cia przeznaczone s\u0105 dla dzieci od lat 4.<\/p>\n\n\n\n<p>&#x1f449; Dowiedz si\u0119 wi\u0119cej i zarezerwuj miejsce: 535 787 195 lub biuro@akademialotu.pl &#x1f4ac; Masz pytania? Napisz do nas w wiadomo\u015bci prywatnej!<\/p>\n\n\n\n<p>#MotorykaSmyka #Zaj\u0119ciaDlaDzieci #AktywneDziecko #Rozw\u00f3jPrzezZabaw\u0119 #DlaCzterolatka #EnergiaDziecka #LimanowaDlaDzieci<\/p>\n\n\n\n<p><\/p>\n","protected":false},"excerpt":{"rendered":"<p>Czy Twoje dziecko to ma\u0142y wulkan energii? Doskonale! Na zaj\u0119ciach &#8222;Motoryka Smyka&#8221; przekszta\u0142cimy t\u0119 energi\u0119 w zwinno\u015b\u0107, pewno\u015b\u0107 siebie i \u015bwietn\u0105 zabaw\u0119! &#x1f973; Co czeka na uczestnik\u00f3w: &#x2714;&#xfe0f;Gry i zabawy ruchowe dostosowane do wieku dzieci &#x2714;&#xfe0f; \u0106wiczenia poprawiaj\u0105 szybko\u015b\u0107, zwinno\u015b\u0107 i koordynacj\u0119 &#x2714;&#xfe0f; Tory przeszk\u00f3d i zadania gimnastyczne Co zyska Twoje dziecko dzi\u0119ki naszym zaj\u0119ciom? [&hellip;]<\/p>\n","protected":false},"author":1,"featured_media":857,"comment_status":"closed","ping_status":"closed","sticky":false,"template":"","format":"standard","meta":{"_regular_price":[],"currency_symbol":[],"footnotes":""},"categories":[1],"tags":[78,77,79,27],"class_list":["post-856","post","type-post","status-publish","format-standard","has-post-thumbnail","hentry","category-uncategorized","tag-aktywne-dziecko","tag-motoryka-smyka","tag-rozwoj-przez-zabawe","tag-zajecia-dla-dzieci"],"post_slider_layout_featured_media_urls":{"thumbnail":["http:\/\/akademialotu.pl\/wp-content\/uploads\/2025\/08\/motorykasmyka-kopia-150x150.jpg",150,150,true],"post_slider_layout_landscape_large":["http:\/\/akademialotu.pl\/wp-content\/uploads\/2025\/08\/motorykasmyka-kopia-1200x800.jpg",1200,800,true],"post_slider_layout_portrait_large":["http:\/\/akademialotu.pl\/wp-content\/uploads\/2025\/08\/motorykasmyka-kopia-1200x1754.jpg",1200,1754,true],"post_slider_layout_square_large":["http:\/\/akademialotu.pl\/wp-content\/uploads\/2025\/08\/motorykasmyka-kopia-1200x1200.jpg",1200,1200,true],"post_slider_layout_landscape":["http:\/\/akademialotu.pl\/wp-content\/uploads\/2025\/08\/motorykasmyka-kopia-600x400.jpg",600,400,true],"post_slider_layout_portrait":["http:\/\/akademialotu.pl\/wp-content\/uploads\/2025\/08\/motorykasmyka-kopia-600x900.jpg",600,900,true],"post_slider_layout_square":["http:\/\/akademialotu.pl\/wp-content\/uploads\/2025\/08\/motorykasmyka-kopia-600x600.jpg",600,600,true],"full":["http:\/\/akademialotu.pl\/wp-content\/uploads\/2025\/08\/motorykasmyka-kopia.jpg",1240,1754,false]},"_links":{"self":[{"href":"http:\/\/akademialotu.pl\/index.php?rest_route=\/wp\/v2\/posts\/856","targetHints":{"allow":["GET"]}}],"collection":[{"href":"http:\/\/akademialotu.pl\/index.php?rest_route=\/wp\/v2\/posts"}],"about":[{"href":"http:\/\/akademialotu.pl\/index.php?rest_route=\/wp\/v2\/types\/post"}],"author":[{"embeddable":true,"href":"http:\/\/akademialotu.pl\/index.php?rest_route=\/wp\/v2\/users\/1"}],"replies":[{"embeddable":true,"href":"http:\/\/akademialotu.pl\/index.php?rest_route=%2Fwp%2Fv2%2Fcomments&post=856"}],"version-history":[{"count":7,"href":"http:\/\/akademialotu.pl\/index.php?rest_route=\/wp\/v2\/posts\/856\/revisions"}],"predecessor-version":[{"id":868,"href":"http:\/\/akademialotu.pl\/index.php?rest_route=\/wp\/v2\/posts\/856\/revisions\/868"}],"wp:featuredmedia":[{"embeddable":true,"href":"http:\/\/akademialotu.pl\/index.php?rest_route=\/wp\/v2\/media\/857"}],"wp:attachment":[{"href":"http:\/\/akademialotu.pl\/index.php?rest_route=%2Fwp%2Fv2%2Fmedia&parent=856"}],"wp:term":[{"taxonomy":"category","embeddable":true,"href":"http:\/\/akademialotu.pl\/index.php?rest_route=%2Fwp%2Fv2%2Fcategories&post=856"},{"taxonomy":"post_tag","embeddable":true,"href":"http:\/\/akademialotu.pl\/index.php?rest_route=%2Fwp%2Fv2%2Ftags&post=856"}],"curies":[{"name":"wp","href":"https:\/\/api.w.org\/{rel}","templated":true}]}}